{"id":956,"date":"2018-02-25T12:00:08","date_gmt":"2018-02-25T12:00:08","guid":{"rendered":"http:\/\/www.oliverdiaz.es\/?p=956"},"modified":"2018-02-25T21:03:08","modified_gmt":"2018-02-25T21:03:08","slug":"oliver-diaz-dirige-la-orquesta-radio-television-espanola","status":"publish","type":"post","link":"https:\/\/www.oliverdiaz.es\/en\/noticias\/oliver-diaz-dirige-la-orquesta-radio-television-espanola\/","title":{"rendered":"\u00d3liver D\u00edaz dirige la Orquesta de Radio Televisi\u00f3n Espa\u00f1ola"},"content":{"rendered":"[vc_row row_type=&#8221;row&#8221; use_row_as_full_screen_section=&#8221;no&#8221; type=&#8221;full_width&#8221; text_align=&#8221;left&#8221; css_animation=&#8221;&#8221; box_shadow_on_row=&#8221;no&#8221;][vc_column][vc_column_text]\n<p><img decoding=\"async\" loading=\"lazy\" class=\"alignleft wp-image-960 size-full\" src=\"http:\/\/www.oliverdiaz.es\/wp-content\/uploads\/2018\/01\/oliver-diaz-director-orquesta-television-espanola.jpg\" alt=\"\u00d3liver D\u00edaz dirige la orquesta de Radio Televisi\u00f3n Espa\u00f1ola\" width=\"1980\" height=\"1094\" srcset=\"https:\/\/www.oliverdiaz.es\/wp-content\/uploads\/2018\/01\/oliver-diaz-director-orquesta-television-espanola.jpg 1980w, https:\/\/www.oliverdiaz.es\/wp-content\/uploads\/2018\/01\/oliver-diaz-director-orquesta-television-espanola-300x166.jpg 300w, https:\/\/www.oliverdiaz.es\/wp-content\/uploads\/2018\/01\/oliver-diaz-director-orquesta-television-espanola-768x424.jpg 768w, https:\/\/www.oliverdiaz.es\/wp-content\/uploads\/2018\/01\/oliver-diaz-director-orquesta-television-espanola-1024x566.jpg 1024w, https:\/\/www.oliverdiaz.es\/wp-content\/uploads\/2018\/01\/oliver-diaz-director-orquesta-television-espanola-700x387.jpg 700w\" sizes=\"(max-width: 1980px) 100vw, 1980px\" \/><br \/>\n[\/vc_column_text][\/vc_column][\/vc_row][vc_row row_type=&#8221;row&#8221; use_row_as_full_screen_section=&#8221;no&#8221; type=&#8221;full_width&#8221; text_align=&#8221;left&#8221; css_animation=&#8221;&#8221; box_shadow_on_row=&#8221;no&#8221;][vc_column][vc_column_text]\n<div class=\"page\" title=\"Page 4\">\n<p>&nbsp;<\/p>\n<p><strong>La Orquesta Sinf\u00f3nica y Coro RTVE, bajo la batuta del maestro \u00d3liver D\u00edaz como director invitado, interpreta este jueves y viernes en el MIRA Teatro de Pozuelo un repertorio compuesto por la \u2018Sinfon\u00eda concertante\u2019 de Miguel Franco y la \u2018Quinta Sinfon\u00eda\u2019 de Tchaikovsky. El concierto ser\u00e1 emitido en directo por Radio Cl\u00e1sica y TVE lo grabar\u00e1 para ofrecerlo en \u2018Los conciertos de La 2\u2019.<\/strong><\/p>\n<p>Comienza con la\u00a0<strong>\u2018Sinfon\u00eda concertante\u2019\u00a0<\/strong>de<strong>\u00a0Miguel Franco<\/strong>, interpretada por primera vez por Orquesta Sinf\u00f3nica RTVE y como solista el violinista\u00a0<strong>Miguel Borrego<\/strong>. Cinco pasos de Viernes Santo del escultor barroco murciano Francisco Salzillo nutren de un modo concreto y directo los tres movimientos de la obra.<\/p>\n<p>En la segunda parte,\u00a0nos espera la\u00a0<strong>\u2018Sinfon\u00eda n\u00fam. 5 en Mi menor, Op. 64\u2019<\/strong>\u00a0de\u00a0<strong>Tchaikovsky.<\/strong><\/p>\n[\/vc_column_text][vc_empty_space height=&#8221;18px&#8221; image_repeat=&#8221;no-repeat&#8221;][vc_video link=&#8221;https:\/\/youtu.be\/qyiWFXxJTj0&#8243;][vc_empty_space height=&#8221;18px&#8221; image_repeat=&#8221;no-repeat&#8221;][vc_video link=&#8221;https:\/\/youtu.be\/fVDmLATVQ4E&#8221;][vc_empty_space height=&#8221;18px&#8221; image_repeat=&#8221;no-repeat&#8221;][\/vc_column][\/vc_row]\n<\/div>\n","protected":false},"excerpt":{"rendered":"<p>[vc_row row_type=&#8221;row&#8221; use_row_as_full_screen_section=&#8221;no&#8221; type=&#8221;full_width&#8221; text_align=&#8221;left&#8221; css_animation=&#8221;&#8221; box_shadow_on_row=&#8221;no&#8221;][vc_column][vc_column_text] [\/vc_column_text][\/vc_column][\/vc_row][vc_row row_type=&#8221;row&#8221; use_row_as_full_screen_section=&#8221;no&#8221; type=&#8221;full_width&#8221; text_align=&#8221;left&#8221; css_animation=&#8221;&#8221; box_shadow_on_row=&#8221;no&#8221;][vc_column][vc_column_text] &nbsp; La Orquesta Sinf\u00f3nica y Coro RTVE, bajo la batuta del maestro \u00d3liver D\u00edaz como director invitado, interpreta este jueves y viernes en el MIRA Teatro de Pozuelo un repertorio compuesto&#8230;<\/p>\n","protected":false},"author":1,"featured_media":974,"comment_status":"open","ping_status":"open","sticky":false,"template":"","format":"standard","meta":[],"categories":[4],"tags":[],"_links":{"self":[{"href":"https:\/\/www.oliverdiaz.es\/en\/wp-json\/wp\/v2\/posts\/956"}],"collection":[{"href":"https:\/\/www.oliverdiaz.es\/en\/wp-json\/wp\/v2\/posts"}],"about":[{"href":"https:\/\/www.oliverdiaz.es\/en\/wp-json\/wp\/v2\/types\/post"}],"author":[{"embeddable":true,"href":"https:\/\/www.oliverdiaz.es\/en\/wp-json\/wp\/v2\/users\/1"}],"replies":[{"embeddable":true,"href":"https:\/\/www.oliverdiaz.es\/en\/wp-json\/wp\/v2\/comments?post=956"}],"version-history":[{"count":7,"href":"https:\/\/www.oliverdiaz.es\/en\/wp-json\/wp\/v2\/posts\/956\/revisions"}],"predecessor-version":[{"id":973,"href":"https:\/\/www.oliverdiaz.es\/en\/wp-json\/wp\/v2\/posts\/956\/revisions\/973"}],"wp:featuredmedia":[{"embeddable":true,"href":"https:\/\/www.oliverdiaz.es\/en\/wp-json\/wp\/v2\/media\/974"}],"wp:attachment":[{"href":"https:\/\/www.oliverdiaz.es\/en\/wp-json\/wp\/v2\/media?parent=956"}],"wp:term":[{"taxonomy":"category","embeddable":true,"href":"https:\/\/www.oliverdiaz.es\/en\/wp-json\/wp\/v2\/categories?post=956"},{"taxonomy":"post_tag","embeddable":true,"href":"https:\/\/www.oliverdiaz.es\/en\/wp-json\/wp\/v2\/tags?post=956"}],"curies":[{"name":"wp","href":"https:\/\/api.w.org\/{rel}","templated":true}]}}