{"id":927,"date":"2017-09-15T12:00:25","date_gmt":"2017-09-15T12:00:25","guid":{"rendered":"http:\/\/www.oliverdiaz.es\/?p=927"},"modified":"2018-01-11T16:47:19","modified_gmt":"2018-01-11T16:47:19","slug":"suenos-e-ilusion-la-zarzuela","status":"publish","type":"post","link":"http:\/\/www.oliverdiaz.es\/en\/entrevistas\/suenos-e-ilusion-la-zarzuela\/","title":{"rendered":"\u00d3liver D\u00edaz, sue\u00f1os e ilusi\u00f3n en La Zarzuela"},"content":{"rendered":"[vc_row row_type=&#8221;row&#8221; use_row_as_full_screen_section=&#8221;no&#8221; type=&#8221;full_width&#8221; text_align=&#8221;left&#8221; css_animation=&#8221;&#8221; box_shadow_on_row=&#8221;no&#8221;][vc_column]\n<p><img decoding=\"async\" loading=\"lazy\" class=\"alignleft wp-image-928 size-full\" src=\"http:\/\/www.oliverdiaz.es\/wp-content\/uploads\/2018\/01\/oliver-diaz-director-orquesta-melomano-portada.jpg\" alt=\"Portada Melomano - \u00d3liver D\u00edaz\" width=\"1980\" height=\"1094\" srcset=\"http:\/\/www.oliverdiaz.es\/wp-content\/uploads\/2018\/01\/oliver-diaz-director-orquesta-melomano-portada.jpg 1980w, http:\/\/www.oliverdiaz.es\/wp-content\/uploads\/2018\/01\/oliver-diaz-director-orquesta-melomano-portada-300x166.jpg 300w, http:\/\/www.oliverdiaz.es\/wp-content\/uploads\/2018\/01\/oliver-diaz-director-orquesta-melomano-portada-768x424.jpg 768w, http:\/\/www.oliverdiaz.es\/wp-content\/uploads\/2018\/01\/oliver-diaz-director-orquesta-melomano-portada-1024x566.jpg 1024w, http:\/\/www.oliverdiaz.es\/wp-content\/uploads\/2018\/01\/oliver-diaz-director-orquesta-melomano-portada-700x387.jpg 700w\" sizes=\"(max-width: 1980px) 100vw, 1980px\" \/><br \/>\n[\/vc_column][\/vc_row][vc_row row_type=&#8221;row&#8221; use_row_as_full_screen_section=&#8221;no&#8221; type=&#8221;full_width&#8221; text_align=&#8221;left&#8221; css_animation=&#8221;&#8221; box_shadow_on_row=&#8221;no&#8221;][vc_column width=&#8221;2\/3&#8243;][vc_column_text]\n<div class=\"page\" title=\"Page 4\">\n<div class=\"section\">\n<div class=\"layoutArea\">\n<div class=\"column\">\n<p><strong>A \u00d3liver D\u00edaz le parece un sue\u00f1o ser el director musical del Teatro de la Zarzuela, le hace una gran ilusi\u00f3n. Ya conoc\u00eda la casa porque hab\u00eda dirigido all\u00ed algunas zarzuelas, como Luisa Fer- nanda. Este asturiano, director art\u00edstico y titular de la Barbieri Symphony Orchestra, debut\u00f3 con esta formaci\u00f3n en el Concierto de A\u00f1o Nuevo en Madrid en 2013. Estren\u00f3 Auga Doce, de Juan Dur\u00e1n, al a\u00f1o siguiente y particip\u00f3 en la gala de los IX Premios L\u00edricos Teatro Cam- poamor. En su doble faceta de director y solista de piano ha ofrecido conciertos en Europa y Am\u00e9rica, tambi\u00e9n conciertos did\u00e1cticos para ni\u00f1os con su propuesta, M\u00fasica Maestro. Abrir\u00e1 la nueva temporada del Teatro de la Zarzuela con la opereta El Cantor de M\u00e9jico.<\/strong><\/p>\n<\/div>\n<\/div>\n<\/div>\n<\/div>\n<p style=\"text-align: justify;\">\n<div id=\"blq_18898\" class=\"bl_izq bloque t100 mart025\"><\/div>\n<div class=\"page\" title=\"Page 4\">\n<div class=\"section\">\n<div class=\"layoutArea\">\n<div class=\"column\">\n<p><strong>[Revista Mel\u00f3mano]<\/strong> Veo que est\u00e1 muy ilusionado con este nuevo proyecto en un teatro tan entra\u00f1able y prestigioso como el de La Zarzuela, el \u00fanico teatro donde durante a\u00f1os pudimos ver grandes \u00f3peras, hasta que en el 97 se reinaugur\u00f3 el Teatro Real. Aqu\u00ed vimos obras memorables y a los mejores cantantes, desde Alfredo Kraus o Pl\u00e1cido Domingo hasta Raina Kabaivanska, Teresa Berganza y Montserrat Caball\u00e9, por nombrar solo a algunos de los m\u00e1s veteranos. \u00bfEsperaba este ofrecimiento del director Daniel Bianco?<\/p>\n<p><strong>[\u00d3liver D\u00edaz]<\/strong> Llegu\u00e9 al Teatro de la Zarzuela por primera vez de la mano del equipo de Crist\u00f3bal Soler, cuando estaba todav\u00eda Luis Olmos de director. Hicimos una Luisa Fernanda, por eso ya conoc\u00eda la casa. Recuerdo que mi primera sensaci\u00f3n al entrar al foso fue pensar: \u201c\u00a1Dios m\u00edo, qu\u00e9 gente ha entrado en este teatro! Los m\u00e1s grandes han pisado estas mismas tablas, directores y cantantes, aqu\u00ed se ha hecho \u00f3pera, zarzuela&#8230;\u201d. Los primeros directores musicales hab\u00edan sido Barbieri y Gaztambide, as\u00ed que recuerdo la sensaci\u00f3n de responsabilidad cuando entr\u00e9. La impresi\u00f3n fue al mismo tiempo dura y maravillosa. Luego segu\u00ed viniendo de invitado y ya empec\u00e9 a conocer mejor el Teatro, a todos los trabajadores, y ahora mismo estar aqu\u00ed en esta sala como director musical me parece un sue\u00f1o, tanto eso como estar trabajando al lado de Daniel Bianco.<\/p>\n<\/div>\n<div class=\"column\">\n<p>Daniel y yo no nos conoc\u00edamos personalmente; sab\u00eda perfectamente qui\u00e9n era, admiraba sus producciones, pero no le conoc\u00eda. Un d\u00eda se pone en contacto conmigo y, como es tan directo y dice las cosas tan claras y limpias, me dice: \u201cme gustar\u00eda que fueras el director musical de mi equipo\u201d. Yo encantado de la vida&#8230; Tuve una entrevista con \u00e9l y creo que nos entendimos bien. Sus ideas sobre cambiar algunas cosas en cuesti\u00f3n de imagen y dem\u00e1s me encantaban. Estar trabajando a su lado es estupendo, porque tiene sabidur\u00eda, gran capacidad de trabajo y talento. Con la mezcla de las tres cosas, cada d\u00eda es como hacer un master.<\/p>\n<div class=\"page\" title=\"Page 5\">\n<div class=\"section\">\n<div class=\"layoutArea\">\n<div class=\"column\">\n<p>Daniel Bianco tiene una gran capacidad de imaginaci\u00f3n y creatividad, vimos sus escenograf\u00edas al lado de Emilio Sagi en el Teatro Real, en La Zarzuela y en el Arriaga en Bilbao, tambi\u00e9n en el Chat\u00ealet en Par\u00eds, y siempre son sorprendentes.<\/p>\n<p>Adem\u00e1s hay una parte que el p\u00fablico no ve y es c\u00f3mo se quedan esos teatros despu\u00e9s de marcharse Daniel Bianco, no se ve la tremenda estructura profesionalizada con el equipo, teniendo muy claro lo que tiene que hacer, con las mejoras que hace en los teatros rapid\u00edsimamente, que son cosas dif\u00edciles. Esa parte no se ve y es realmente impresionante. Yo tengo amigos que me dicen que hay un antes y un despu\u00e9s de pasar Daniel Bianco por el Teatro Real, c\u00f3mo funcionaba aquel teatro era una maravilla despu\u00e9s de estar \u00e9l. Eso yo lo estoy viviendo aqu\u00ed con \u00e9l y es impresionante.<\/p>\n<p>Leer la entrevista completa en el n\u00famero de Septiembre de 2017 de la <strong>Revista Mel\u00f3mano<\/strong>.<\/p>\n<\/div>\n<\/div>\n<\/div>\n<\/div>\n<\/div>\n<\/div>\n<\/div>\n<\/div>\n[\/vc_column_text][vc_empty_space height=&#8221;18px&#8221; image_repeat=&#8221;no-repeat&#8221;][\/vc_column][vc_column width=&#8221;1\/3&#8243;][vc_empty_space height=&#8221;240px&#8221; image_repeat=&#8221;no-repeat&#8221; el_class=&#8221;bordeleft&#8221;][vc_column_text]\n<h2 style=\"font-size: 19; line-height: 34px;\">&#8220;<strong>Sue\u00f1os e ilusi\u00f3n en La Zarzuela<\/strong>&#8220;<\/h2>\n[\/vc_column_text][\/vc_column][\/vc_row]\n","protected":false},"excerpt":{"rendered":"<p>[vc_row row_type=&#8221;row&#8221; use_row_as_full_screen_section=&#8221;no&#8221; type=&#8221;full_width&#8221; text_align=&#8221;left&#8221; css_animation=&#8221;&#8221; box_shadow_on_row=&#8221;no&#8221;][vc_column] [\/vc_column][\/vc_row][vc_row row_type=&#8221;row&#8221; use_row_as_full_screen_section=&#8221;no&#8221; type=&#8221;full_width&#8221; text_align=&#8221;left&#8221; css_animation=&#8221;&#8221; box_shadow_on_row=&#8221;no&#8221;][vc_column width=&#8221;2\/3&#8243;][vc_column_text] A \u00d3liver D\u00edaz le parece un sue\u00f1o ser el director musical del Teatro de la Zarzuela, le hace una gran ilusi\u00f3n. Ya conoc\u00eda la casa porque hab\u00eda dirigido all\u00ed algunas&#8230;<\/p>\n","protected":false},"author":1,"featured_media":928,"comment_status":"open","ping_status":"open","sticky":false,"template":"","format":"standard","meta":[],"categories":[24,4],"tags":[60,40],"_links":{"self":[{"href":"http:\/\/www.oliverdiaz.es\/en\/wp-json\/wp\/v2\/posts\/927"}],"collection":[{"href":"http:\/\/www.oliverdiaz.es\/en\/wp-json\/wp\/v2\/posts"}],"about":[{"href":"http:\/\/www.oliverdiaz.es\/en\/wp-json\/wp\/v2\/types\/post"}],"author":[{"embeddable":true,"href":"http:\/\/www.oliverdiaz.es\/en\/wp-json\/wp\/v2\/users\/1"}],"replies":[{"embeddable":true,"href":"http:\/\/www.oliverdiaz.es\/en\/wp-json\/wp\/v2\/comments?post=927"}],"version-history":[{"count":2,"href":"http:\/\/www.oliverdiaz.es\/en\/wp-json\/wp\/v2\/posts\/927\/revisions"}],"predecessor-version":[{"id":930,"href":"http:\/\/www.oliverdiaz.es\/en\/wp-json\/wp\/v2\/posts\/927\/revisions\/930"}],"wp:featuredmedia":[{"embeddable":true,"href":"http:\/\/www.oliverdiaz.es\/en\/wp-json\/wp\/v2\/media\/928"}],"wp:attachment":[{"href":"http:\/\/www.oliverdiaz.es\/en\/wp-json\/wp\/v2\/media?parent=927"}],"wp:term":[{"taxonomy":"category","embeddable":true,"href":"http:\/\/www.oliverdiaz.es\/en\/wp-json\/wp\/v2\/categories?post=927"},{"taxonomy":"post_tag","embeddable":true,"href":"http:\/\/www.oliverdiaz.es\/en\/wp-json\/wp\/v2\/tags?post=927"}],"curies":[{"name":"wp","href":"https:\/\/api.w.org\/{rel}","templated":true}]}}