{"id":810,"date":"2016-10-21T08:27:27","date_gmt":"2016-10-21T08:27:27","guid":{"rendered":"http:\/\/www.oliverdiaz.es\/?p=810"},"modified":"2016-10-21T08:28:04","modified_gmt":"2016-10-21T08:28:04","slug":"queremos-dar-mas-visibilidad-al-teatro-la-zarzuela","status":"publish","type":"post","link":"http:\/\/www.oliverdiaz.es\/en\/entrevistas\/queremos-dar-mas-visibilidad-al-teatro-la-zarzuela\/","title":{"rendered":"[Entrevista] &#8220;Queremos dar m\u00e1s visibilidad al Teatro de la Zarzuela&#8221;"},"content":{"rendered":"[vc_row row_type=&#8221;row&#8221; use_row_as_full_screen_section=&#8221;no&#8221; type=&#8221;full_width&#8221; text_align=&#8221;left&#8221; css_animation=&#8221;&#8221; box_shadow_on_row=&#8221;no&#8221;][vc_column][vc_single_image image=&#8221;812&#8243; img_size=&#8221;full&#8221; qode_hover_animation=&#8221;&#8221; qode_css_animation=&#8221;&#8221;][\/vc_column][\/vc_row][vc_row row_type=&#8221;row&#8221; use_row_as_full_screen_section=&#8221;no&#8221; type=&#8221;full_width&#8221; text_align=&#8221;left&#8221; css_animation=&#8221;&#8221; box_shadow_on_row=&#8221;no&#8221;][vc_column width=&#8221;2\/3&#8243;][vc_column_text]\n<p style=\"text-align: justify;\"><b><strong>Una entrevista de Aurelio M. Seco<\/strong>. CODALARIO.\u00a0<\/b><\/p>\n<div id=\"blq_18896\" class=\"bl_izq bloque t100 mart025\">\n<div class=\" ff_arial fs_1 v_colpri lh_150\">\n<p class=\"txa_j\" style=\"text-align: justify;\">Afirma que 2016 se ha desarrollado como viene haci\u00e9ndolo desde el principio su carrera, sin sobresaltos pero sin pausa, y probablemente tenga raz\u00f3n, pero este a\u00f1o ha sido especial para \u00d3liver D\u00edaz. Es su primera temporada como director musical titular del Teatro de la Zarzuela y su trabajo est\u00e1 siendo recogido con elogios. Qu\u00e9 mejor noticia y situaci\u00f3n para este asturiano hecho a s\u00ed mismo, ovetense de nacimiento, gijon\u00e9s de coraz\u00f3n y esp\u00edritu neoyorquino \u2013pues en la Juilliard se convirti\u00f3 en el primer espa\u00f1ol en obtener la beca Bruno Walter- y madrile\u00f1o, ciudad, la de Madrid, que est\u00e1 observando con un primer\u00edsimo primer plano su trabajo como m\u00fasico y gestor, dos cualidades que maneja desde la generosidad y el buen juicio. Lejos quedan ya los tiempos de la Sinf\u00f3nica de Gij\u00f3n, sin perjuicio de que alguna vez vuelvan, eso s\u00ed. Pero \u00d3liver D\u00edaz est\u00e1 ahora en otros asuntos, en otro nivel de preocupaciones y circunstancias. No ser\u00eda extra\u00f1o que su nombre se empiece a barajar vinculado con alguna orquesta de nuestro pa\u00eds.<\/p>\n<\/div>\n<\/div>\n<div id=\"blq_18897\" class=\"bl_izq bloque t100 mart025\">\n<div class=\" ff_arial fs_1 v_colpri lh_150\">\n<p class=\"txa_j heditor_first\" style=\"text-align: justify;\"><strong>\u00bfC\u00f3mo recibi\u00f3 la noticia de su contrataci\u00f3n como director musical del Teatro de la Zarzuela?<\/strong><\/p>\n<p class=\"txa_j\" style=\"text-align: justify;\">Fue una sorpresa may\u00fascula a pesar de que ten\u00eda una gran relaci\u00f3n con el Teatro de la Zarzuela. Si no recuerdo mal, la primera producci\u00f3n que dirig\u00ed aqu\u00ed fue en 2011, con Luisa Fernanda. Despu\u00e9s estuve todas las temporadas de manera continuada salvo la 15-16. \u00a0Uno de los que present\u00f3 proyecto era Daniel Bianco que, como sabe, trabajaba en la direcci\u00f3n art\u00edstica del Teatro Arriaga de Bilbao, junto a Emilio Sagi. Bianco posee dos vertientes interesantes y, en mi opini\u00f3n, muy necesarias para el puesto. Por un lado ha sido gestor durante toda su vida. Pero es que adem\u00e1s estamos hablando de un gran escen\u00f3grafo, con lo que su conocimiento de todo lo que supone un gran teatro no puede ser m\u00e1s adecuado.<\/p>\n<p class=\"txa_j\" style=\"text-align: justify;\"><strong>\u00bfEstaba usted dentro del proyecto que present\u00f3 Bianco?<\/strong><\/p>\n<p class=\"txa_j\" style=\"text-align: justify;\">No, yo no sab\u00eda nada del asunto. Daniel Bianco y yo no nos conoc\u00edamos de nada, aunque yo hab\u00eda trabajado en alguna producci\u00f3n de Emilio Sagi cuya escenograf\u00eda hab\u00eda sido realizada por \u00e9l, como puede ser la Katiuska que dirig\u00ed en el Teatro Campoamor de Oviedo.<\/p>\n<p class=\"txa_j\" style=\"text-align: justify;\"><strong>Pero a usted quien le llama es Bianco.<\/strong><\/p>\n<p class=\"txa_j\" style=\"text-align: justify;\">S\u00ed. Daniel es una persona tremendamente directa. No se anda con rodeos. Un d\u00eda me llama por tel\u00e9fono y me dice: \u201c\u00d3liver, no nos conocemos personalmente pero tengo mucho inter\u00e9s en hablar contigo\u201d. Y quedamos para tomar un caf\u00e9 muy cerca del Teatro Real, un d\u00eda que adem\u00e1s era fiesta en Madrid. Era un momento en el que Crist\u00f3bal Soler hab\u00eda decidido dejar el puesto de director musical del Teatro de la Zarzuela y Daniel quer\u00eda conocerme para tomar una decisi\u00f3n. Me dijo que buscaba alguien din\u00e1mico y con peso que pusiera mucha energ\u00eda en el teatro. Me sedujo inmediatamente, sobre todo por esa manera tan franca que tiene de mirarte y referirse a ti cuando te habla. Luego est\u00e1 su energ\u00eda. Parece una dinamo humana.<\/p>\n<\/div>\n<\/div>\n<div id=\"blq_18898\" class=\"bl_izq bloque t100 mart025\">\n<div class=\" ff_arial fs_1 v_colpri lh_150\">\n<p class=\"txa_j heditor_first\" style=\"text-align: justify;\"><strong>Es dif\u00edcil encontrar a alguien con m\u00e1s energ\u00eda que usted.<\/strong><\/p>\n<p class=\"txa_j\" style=\"text-align: justify;\">Pues yo dir\u00eda que \u00e9l todav\u00eda tiene m\u00e1s. Desde que empezamos se ha mostrado como un trabajador infatigable, capaz de pasar todas las horas del mundo en el teatro, trabajando adem\u00e1s con una velocidad e inmediatez descomunal. Estar a su lado es maravilloso.<\/p>\n<p class=\"txa_j\" style=\"text-align: justify;\"><strong>\u00bfQu\u00e9 es lo que queda por hacer en el Teatro de la Zarzuela, qu\u00e9 est\u00e1n haciendo y qu\u00e9 quieren hacer en el futuro? El aspecto de las grabaciones, por ejemplo. \u00bfPor qu\u00e9 no se pueden realizar grabaciones en el teatro? Es algo il\u00f3gico.<\/strong><\/p>\n<p class=\"txa_j\" style=\"text-align: justify;\">Es una cuesti\u00f3n que nos gustar\u00eda arreglar, pero hay una serie de convenios que hacen que mover ficha sea dif\u00edcil. Hay que tener en cuenta que nos encontramos unas normas de juego que, sean buenas o malas, son las que tenemos. Estamos trabajando a partir de aqu\u00ed para intentar mejorar la situaci\u00f3n. Lo que queremos es dar visibilidad al teatro, de muchas formas, porque este teatro tiene una h\u00e1ndicap, que es su visibilidad. El teatro de la zarzuela no es un edificio exento f\u00e1cil de ver en la ciudad. Tambi\u00e9n queremos trabajar mucho a trav\u00e9s del repertorio. No s\u00f3lo hablo de los t\u00edtulos elegidos sino tambi\u00e9n de c\u00f3mo se van a poner en escena. Nuestra intenci\u00f3n es programar grandes t\u00edtulos de \u00f3pera espa\u00f1ola y zarzuela, y tambi\u00e9n, por qu\u00e9 no, acercarnos al g\u00e9nero de la revista.<\/p>\n<p class=\"txa_j\" style=\"text-align: justify;\">La idea es invitar a directores musicales y de escena de peso, y realizar nuestras producciones. Esta visibilidad que queremos obtener del teatro tendr\u00e1 como consecuencia que invitemos a artistas de primera l\u00ednea internacional. No hablo s\u00f3lo de grandes artistas espa\u00f1oles, que tambi\u00e9n, sino de fuera de nuestro pa\u00eds. Adem\u00e1s, me parece importante que directores espa\u00f1oles de gran talento, que est\u00e1n haciendo una carrera importante fuera de Espa\u00f1a, debuten en el Teatro de la Zarzuela. Son directores que tienen que estar en el teatro s\u00ed o s\u00ed.<\/p>\n<p class=\"txa_j\" style=\"text-align: justify;\">El trabajo en el Teatro de la zarzuela es apasionante. Tenemos que construir sobre lo que estaba hecho, pero hay muchas cosas que estamos tratando de acentuar. Daniel Bianco tiene una personalidad tremendamente marcada, y yo tambi\u00e9n tengo la m\u00eda. Hemos cambiado hasta la decoraci\u00f3n. En mi despacho, por ejemplo, me he comprado mis propios muebles porque me gusta tener el despacho a mi manera. Yo creo que el equipo est\u00e1 funcionando muy bien. Cambiar tantas cosas tan pronto no es sencillo, pero en eso estamos.<\/p>\n<p class=\"txa_j\" style=\"text-align: justify;\"><a href=\"https:\/\/www.codalario.com\/oliver-diaz\/entrevistas\/oliver-diaz--director-queremos-dar-mas-visibilidad-al-teatro-de-la-zarzuela_4622_4_13455_0_1_in.html\" target=\"_blank\"  class=\"qbutton  white qbutton_with_icon fill_from_bottom icon_right\" style=\"font-style: normal; \"><span class=\"text_wrap\">Leer la entrevista completa en Codalario<\/span><i class=\"qode_icon_font_awesome fa  button_icon\" style=\"width: auto\" ><\/i><span class=\"a_overlay\" style=\"\"><\/span><\/a>\n<\/div>\n<\/div>\n[\/vc_column_text][vc_empty_space height=&#8221;18px&#8221; image_repeat=&#8221;no-repeat&#8221;][\/vc_column][vc_column width=&#8221;1\/3&#8243;][vc_empty_space height=&#8221;240px&#8221; image_repeat=&#8221;no-repeat&#8221; el_class=&#8221;bordeleft&#8221;][vc_column_text]\n<h2 style=\"font-size: 19; line-height: 34px;\">&#8220;&#8230;el trabajo en el Teatro de la Zarzuela es apasionante.&#8221;<\/h2>\n[\/vc_column_text][\/vc_column][\/vc_row]\n","protected":false},"excerpt":{"rendered":"<p>[vc_row row_type=&#8221;row&#8221; use_row_as_full_screen_section=&#8221;no&#8221; type=&#8221;full_width&#8221; text_align=&#8221;left&#8221; css_animation=&#8221;&#8221; box_shadow_on_row=&#8221;no&#8221;][vc_column][vc_single_image image=&#8221;812&#8243; img_size=&#8221;full&#8221; qode_hover_animation=&#8221;&#8221; qode_css_animation=&#8221;&#8221;][\/vc_column][\/vc_row][vc_row row_type=&#8221;row&#8221; use_row_as_full_screen_section=&#8221;no&#8221; type=&#8221;full_width&#8221; text_align=&#8221;left&#8221; css_animation=&#8221;&#8221; box_shadow_on_row=&#8221;no&#8221;][vc_column width=&#8221;2\/3&#8243;][vc_column_text] Una entrevista de Aurelio M. Seco. CODALARIO.\u00a0 Afirma que 2016 se ha desarrollado como viene haci\u00e9ndolo desde el principio su carrera, sin sobresaltos pero sin pausa, y&#8230;<\/p>\n","protected":false},"author":1,"featured_media":812,"comment_status":"open","ping_status":"open","sticky":false,"template":"","format":"standard","meta":[],"categories":[24,4],"tags":[],"_links":{"self":[{"href":"http:\/\/www.oliverdiaz.es\/en\/wp-json\/wp\/v2\/posts\/810"}],"collection":[{"href":"http:\/\/www.oliverdiaz.es\/en\/wp-json\/wp\/v2\/posts"}],"about":[{"href":"http:\/\/www.oliverdiaz.es\/en\/wp-json\/wp\/v2\/types\/post"}],"author":[{"embeddable":true,"href":"http:\/\/www.oliverdiaz.es\/en\/wp-json\/wp\/v2\/users\/1"}],"replies":[{"embeddable":true,"href":"http:\/\/www.oliverdiaz.es\/en\/wp-json\/wp\/v2\/comments?post=810"}],"version-history":[{"count":4,"href":"http:\/\/www.oliverdiaz.es\/en\/wp-json\/wp\/v2\/posts\/810\/revisions"}],"predecessor-version":[{"id":816,"href":"http:\/\/www.oliverdiaz.es\/en\/wp-json\/wp\/v2\/posts\/810\/revisions\/816"}],"wp:featuredmedia":[{"embeddable":true,"href":"http:\/\/www.oliverdiaz.es\/en\/wp-json\/wp\/v2\/media\/812"}],"wp:attachment":[{"href":"http:\/\/www.oliverdiaz.es\/en\/wp-json\/wp\/v2\/media?parent=810"}],"wp:term":[{"taxonomy":"category","embeddable":true,"href":"http:\/\/www.oliverdiaz.es\/en\/wp-json\/wp\/v2\/categories?post=810"},{"taxonomy":"post_tag","embeddable":true,"href":"http:\/\/www.oliverdiaz.es\/en\/wp-json\/wp\/v2\/tags?post=810"}],"curies":[{"name":"wp","href":"https:\/\/api.w.org\/{rel}","templated":true}]}}